{"id":892,"date":"2015-10-06T11:32:17","date_gmt":"2015-10-06T08:32:17","guid":{"rendered":"http:\/\/www2187.vu.lt\/?p=892"},"modified":"2015-11-25T11:55:21","modified_gmt":"2015-11-25T09:55:21","slug":"mokytoju-diena","status":"publish","type":"post","link":"http:\/\/www2187.vu.lt\/?p=892","title":{"rendered":"Mokytoj\u0173 diena"},"content":{"rendered":"<p>Spalio 5 dien\u0105 m\u016bs\u0173 mokykloje buvo minima Tarptautin\u0117 Mokytoj\u0173 diena. \u0160i\u0105 nuostabi\u0105 \u0161vent\u0119 organizavome mes \u2013 vienuoliktos klas\u0117s mokiniai. Sukviet\u0119 visus mokytojus \u012f atskir\u0105 kabinet\u0105, d\u017eiuginom juos gra\u017eiais \u017eod\u017eiais, sukurtu trumpu filmuku apie juos ir, be abejo, \u017eaidimais. Pakviet\u0117me atsigerti rytin\u0117s kavos bei pasmali\u017eiauti. Smagu buvo matyti juos visus kartu besi\u0161ypsan\u010dius ir spinduliuojan\u010dius ger\u0105 nuotaik\u0105. <!--more-->\u0160vent\u0117 t\u0119s\u0117si akt\u0173 sal\u0117je. Akt\u0173 sal\u0117 \u2013 \u0161viesi, puo\u0161ni ir jauki \u2013 nuteik\u0117 pakiliai. Koncerto metu kiekviena klas\u0117 tur\u0117jo parengusi po pasirodym\u0105. Mokytojai sus\u0117d\u0119 prie vai\u0161i\u0173 stalo steb\u0117jo pasirodymus, dainavo kartu su mokiniais ir palaik\u0117 juos garsiais plojimais. Koncert\u0105 vainikavo mokyklos mokini\u0173 ansamblis ,,Vosilkel\u0117\u2018\u2018, kuris ne tik padainavo, bet ir pa\u0161okdino mokytojus. Po linksmos programos mokytojai buvo pakviesti piet\u0173, kuriuos pagamino \u0161aunios mokyklos vir\u0117jos. Aplink skland\u0117 geri atsiliepimai apie suorganizuot\u0105 \u0161vent\u0119, o nuo\u0161ird\u017eios mokytoj\u0173 \u0161ypsenos buvo puikus m\u016bs\u0173 \u012fd\u0117t\u0173 pastang\u0173 \u012fvertinimas.<\/p>\n<p style=\"text-align: right;\">11 klas\u0117s mokin\u0117 Greta Kulakovskyt\u0117<\/p>\n","protected":false},"excerpt":{"rendered":"<p>Spalio 5 dien\u0105 m\u016bs\u0173 mokykloje buvo minima Tarptautin\u0117 Mokytoj\u0173 diena. \u0160i\u0105 nuostabi\u0105 \u0161vent\u0119 organizavome mes \u2013 vienuoliktos klas\u0117s mokiniai. Sukviet\u0119 visus mokytojus \u012f atskir\u0105 kabinet\u0105, d\u017eiuginom juos gra\u017eiais \u017eod\u017eiais, sukurtu trumpu filmuku apie juos ir, be abejo, \u017eaidimais. Pakviet\u0117me atsigerti rytin\u0117s kavos bei pasmali\u017eiauti. Smagu buvo matyti juos visus kartu besi\u0161ypsan\u010dius ir spinduliuojan\u010dius ger\u0105 nuotaik\u0105.<\/p>\n","protected":false},"author":1,"featured_media":0,"comment_status":"closed","ping_status":"closed","sticky":false,"template":"","format":"standard","meta":[],"categories":[1],"tags":[],"_links":{"self":[{"href":"http:\/\/www2187.vu.lt\/index.php?rest_route=\/wp\/v2\/posts\/892"}],"collection":[{"href":"http:\/\/www2187.vu.lt\/index.php?rest_route=\/wp\/v2\/posts"}],"about":[{"href":"http:\/\/www2187.vu.lt\/index.php?rest_route=\/wp\/v2\/types\/post"}],"author":[{"embeddable":true,"href":"http:\/\/www2187.vu.lt\/index.php?rest_route=\/wp\/v2\/users\/1"}],"replies":[{"embeddable":true,"href":"http:\/\/www2187.vu.lt\/index.php?rest_route=%2Fwp%2Fv2%2Fcomments&post=892"}],"version-history":[{"count":3,"href":"http:\/\/www2187.vu.lt\/index.php?rest_route=\/wp\/v2\/posts\/892\/revisions"}],"predecessor-version":[{"id":940,"href":"http:\/\/www2187.vu.lt\/index.php?rest_route=\/wp\/v2\/posts\/892\/revisions\/940"}],"wp:attachment":[{"href":"http:\/\/www2187.vu.lt\/index.php?rest_route=%2Fwp%2Fv2%2Fmedia&parent=892"}],"wp:term":[{"taxonomy":"category","embeddable":true,"href":"http:\/\/www2187.vu.lt\/index.php?rest_route=%2Fwp%2Fv2%2Fcategories&post=892"},{"taxonomy":"post_tag","embeddable":true,"href":"http:\/\/www2187.vu.lt\/index.php?rest_route=%2Fwp%2Fv2%2Ftags&post=892"}],"curies":[{"name":"wp","href":"https:\/\/api.w.org\/{rel}","templated":true}]}}