{"id":259,"date":"2015-01-27T21:28:18","date_gmt":"2015-01-27T19:28:18","guid":{"rendered":"http:\/\/www2187.vu.lt\/?p=259"},"modified":"2015-01-27T21:53:43","modified_gmt":"2015-01-27T19:53:43","slug":"spalio-5-oji-diena-tarptautine-mokytoju-diena","status":"publish","type":"post","link":"http:\/\/www2187.vu.lt\/?p=259","title":{"rendered":"Spalio 5-oji diena \u2013 Tarptautin\u0117 Mokytoj\u0173 diena"},"content":{"rendered":"<p style=\"text-align: justify;\">\n\t&nbsp;&nbsp;&nbsp;&nbsp; Mokytoj\u0173 diena &ndash; gra\u017eiausia rudens &scaron;vent\u0117 mokykloje, kuri &scaron;iais metais buvo pamin\u0117ta spalio 3 dien\u0105. Puosel\u0117jant senas mokyklos tradicijas, &scaron;vent\u0119 organizavo 11 klas\u0117s mokiniai. 8 valand\u0105 mokyklos vienuoliktokai pakviet\u0117 visus mokyklos mokytojus \u012f akt\u0173 sal\u0119, kur mokytojams ne tik i&scaron;sak\u0117 pad\u0117kos \u017eod\u017eius, bet ir pateik\u0117 \u012fvairi\u0173 staigmen\u0173, u\u017eduo\u010di\u0173. Spalio tre\u010dioji buvo ypatinga ne tik mokytojams, bet ir 12 klas\u0117s mokiniams. Jie tur\u0117jo galimyb\u0119 pasijausti jaunaisiais mokytojais, ved\u0117 pamokas \u017eemesni\u0173 klasi\u0173 mokiniams, o \u012fsp\u016bd\u017eiais, kaip jiems sek\u0117si, dalijosi renginio pabaigoje.\n<\/p>\n<p style=\"text-align: justify;\">\n\t&nbsp;&nbsp;&nbsp;&nbsp;Mokytojo diena pedagogui bent trumpam leid\u017eia pamir&scaron;ti r\u016bpes\u010dius ir pasid\u017eiaugti nuveiktais darbais, i&scaron;ugdytais mokiniais. Kas gali b\u016bti geriau u\u017e nuo&scaron;ird\u017eiai i&scaron;tart\u0105 pad\u0117kos \u017eod\u012f, \u012fteikt\u0105 g\u0117l\u0117s \u017eied\u0105 ar paties mokinio sukurt\u0105 eil\u0117ra&scaron;t\u012f. Mokytojo darbas \u012fdomus dar ir tuo, kad kiekviena diena ir kiekviena pamoka yra ka\u017ekuo vis nauja ir ne\u012fprasta, nenusp\u0117jama, ypatinga.\n<\/p>\n<p>\n\t&nbsp;\n<\/p>\n<p style=\"text-align: right;\">\n\t&nbsp;&nbsp;&nbsp;&nbsp;&nbsp;&nbsp;&nbsp;&nbsp;&nbsp;&nbsp;&nbsp;&nbsp;&nbsp;&nbsp;&nbsp;&nbsp;&nbsp;&nbsp;&nbsp;&nbsp;&nbsp;&nbsp;&nbsp;&nbsp;&nbsp;&nbsp;&nbsp;&nbsp;&nbsp;&nbsp;&nbsp;&nbsp;&nbsp;&nbsp;&nbsp;&nbsp;&nbsp;&nbsp;&nbsp;&nbsp;&nbsp;&nbsp;&nbsp;&nbsp;&nbsp;&nbsp;&nbsp;&nbsp;&nbsp;&nbsp;&nbsp;&nbsp;&nbsp;&nbsp;&nbsp;&nbsp;&nbsp;&nbsp;&nbsp;&nbsp;&nbsp;&nbsp;&nbsp;&nbsp;&nbsp;&nbsp;&nbsp;&nbsp;&nbsp;&nbsp;&nbsp;&nbsp;&nbsp;&nbsp;&nbsp;&nbsp;&nbsp;&nbsp;&nbsp;&nbsp;&nbsp;&nbsp; &nbsp;&nbsp;&nbsp;&nbsp;&nbsp;&nbsp;&nbsp;&nbsp;&nbsp;&nbsp;&nbsp;&nbsp;&nbsp;&nbsp;&nbsp;&nbsp;&nbsp;&nbsp;&nbsp;&nbsp;&nbsp;&nbsp;Mokytoja Aldona Maslianikien\u0117\n<\/p>\n<p style=\"text-align: center;\">\n\t<img alt=\"\" class=\"ngg_displayed_gallery mceItem\" src=\"http:\/\/www2187.vu.lt\/index.php\/nextgen-attach_to_post\/preview\/id--272\" \/>\n<\/p>\n<p>\n\t&nbsp;<\/p>\n","protected":false},"excerpt":{"rendered":"<p>&nbsp;&nbsp;&nbsp;&nbsp; Mokytoj\u0173 diena &ndash; gra\u017eiausia rudens &scaron;vent\u0117 mokykloje, kuri &scaron;iais metais buvo pamin\u0117ta spalio 3 dien\u0105. Puosel\u0117jant senas mokyklos tradicijas, &scaron;vent\u0119 organizavo 11 klas\u0117s mokiniai. 8 valand\u0105 mokyklos vienuoliktokai pakviet\u0117 visus mokyklos mokytojus \u012f akt\u0173 sal\u0119, kur mokytojams ne tik i&scaron;sak\u0117 pad\u0117kos \u017eod\u017eius, bet ir pateik\u0117 \u012fvairi\u0173 staigmen\u0173, u\u017eduo\u010di\u0173. Spalio tre\u010dioji buvo ypatinga ne tik [&hellip;]<\/p>\n","protected":false},"author":1,"featured_media":0,"comment_status":"closed","ping_status":"closed","sticky":false,"template":"","format":"standard","meta":[],"categories":[1],"tags":[],"_links":{"self":[{"href":"http:\/\/www2187.vu.lt\/index.php?rest_route=\/wp\/v2\/posts\/259"}],"collection":[{"href":"http:\/\/www2187.vu.lt\/index.php?rest_route=\/wp\/v2\/posts"}],"about":[{"href":"http:\/\/www2187.vu.lt\/index.php?rest_route=\/wp\/v2\/types\/post"}],"author":[{"embeddable":true,"href":"http:\/\/www2187.vu.lt\/index.php?rest_route=\/wp\/v2\/users\/1"}],"replies":[{"embeddable":true,"href":"http:\/\/www2187.vu.lt\/index.php?rest_route=%2Fwp%2Fv2%2Fcomments&post=259"}],"version-history":[{"count":5,"href":"http:\/\/www2187.vu.lt\/index.php?rest_route=\/wp\/v2\/posts\/259\/revisions"}],"predecessor-version":[{"id":311,"href":"http:\/\/www2187.vu.lt\/index.php?rest_route=\/wp\/v2\/posts\/259\/revisions\/311"}],"wp:attachment":[{"href":"http:\/\/www2187.vu.lt\/index.php?rest_route=%2Fwp%2Fv2%2Fmedia&parent=259"}],"wp:term":[{"taxonomy":"category","embeddable":true,"href":"http:\/\/www2187.vu.lt\/index.php?rest_route=%2Fwp%2Fv2%2Fcategories&post=259"},{"taxonomy":"post_tag","embeddable":true,"href":"http:\/\/www2187.vu.lt\/index.php?rest_route=%2Fwp%2Fv2%2Ftags&post=259"}],"curies":[{"name":"wp","href":"https:\/\/api.w.org\/{rel}","templated":true}]}}